{"id":12816,"date":"2019-11-19T07:05:43","date_gmt":"2019-11-19T07:05:43","guid":{"rendered":"https:\/\/www.marcegaglia.com.tr\/2019\/11\/19\/antonio-marcegaglia-at-european-steel-conference-weak-demand-for-steel\/"},"modified":"2020-06-05T09:05:49","modified_gmt":"2020-06-05T09:05:49","slug":"avrupa-celik-konferansinda-antonio-marcegaglia-celik-icin-zayif-talep","status":"publish","type":"post","link":"https:\/\/www.marcegaglia.com.tr\/tr\/avrupa-celik-konferansinda-antonio-marcegaglia-celik-icin-zayif-talep\/","title":{"rendered":"Avrupa \u00c7elik Konferans\u0131nda Antonio Marcegaglia: \u00c7elik i\u00e7in zay\u0131f talep"},"content":{"rendered":"<div class=\"wpb-content-wrapper\"><p>[vc_row full_width=&#8221;stretch_row_content_no_spaces&#8221; css=&#8221;.vc_custom_1591003076471{margin-bottom: 2em !important;padding-top: 10.65em !important;padding-bottom: 10.65em !important;background-image: url(https:\/\/www.marcegaglia.com.tr\/wp-content\/uploads\/2019\/10\/marcegaglia_RU-news-Antonio-Marcegaglia-at-European-Steel-Conference-2019-banner.jpg?id=12211) !important;background-position: center !important;background-repeat: no-repeat !important;background-size: cover !important;}&#8221; el_id=&#8221;titolo_singola_news&#8221;][vc_column css=&#8221;.vc_custom_1587110633145{padding-right: 10em !important;padding-left: 10em !important;}&#8221; offset=&#8221;vc_hidden-md vc_hidden-sm vc_hidden-xs&#8221;][\/vc_column][\/vc_row][vc_row full_width=&#8221;stretch_row_content_no_spaces&#8221; css=&#8221;.vc_custom_1591003088703{margin-bottom: 2em !important;padding-top: 5em !important;padding-bottom: 5em !important;background-image: url(https:\/\/www.marcegaglia.com.tr\/wp-content\/uploads\/2019\/10\/marcegaglia_RU-news-Antonio-Marcegaglia-at-European-Steel-Conference-2019-banner-1400&#215;700-1.jpg?id=12213) !important;background-position: center !important;background-repeat: no-repeat !important;background-size: cover !important;}&#8221; el_id=&#8221;titolo_singola_news_resp&#8221;][vc_column css=&#8221;.vc_custom_1587111424559{padding-right: 10em !important;padding-left: 10em !important;}&#8221; offset=&#8221;vc_hidden-lg&#8221;][\/vc_column][\/vc_row][vc_row css=&#8221;.vc_custom_1587114984669{margin-bottom: 2em !important;}&#8221; el_id=&#8221;back_to_news_btn&#8221;][vc_column]<div class=\"\"><div class=\"cz_30284_p\"><a id=\"cz_30284\" class=\"cz_30284 cz_btn cz_btn_txt_no_fx cz_btn_no_fx cz_mobile_btn_center\" href=\"https:\/\/www.marcegaglia.com.tr\/news\/\" title=\"News\" aria-label=\"News\"><span><i class=\"fa czico-135-arrows-5\"><\/i><strong>Back to News<\/strong><\/span><b class=\"cz_btn_onhover\"><i class=\"fa czico-135-arrows-5\"><\/i><strong>Back to News<\/strong><\/b><\/a><\/div><\/div>[\/vc_column][\/vc_row][vc_row css=&#8221;.vc_custom_1587114891408{margin-bottom: 3em !important;}&#8221; el_id=&#8221;news_p_desk&#8221;][vc_column width=&#8221;3\/4&#8243; offset=&#8221;vc_col-xs-12&#8243;][vc_column_text]<strong>20 Kas\u0131m 2019<\/strong><\/p>\n<h1><span style=\"color: #000000;\">Avrupa \u00c7elik Konferans\u0131nda Antonio Marcegaglia: \u00c7elik i\u00e7in zay\u0131f talep<\/span><\/h1>\n<p>[\/vc_column_text][vc_empty_space height=&#8221;20px&#8221;][vc_column_text]<\/p>\n<div class=\"vc_row wpb_row vc_row-fluid\">\n<div class=\"wpb_column vc_column_container vc_col-sm-12\">\n<div class=\"vc_column-inner \">\n<div class=\"wpb_wrapper\">\n<div class=\"wpb_text_column wpb_content_element \">\n<div class=\"wpb_wrapper\">\n<p>Ba\u015fkan ve CEO <strong>Antonio Marcegaglia<\/strong>, 28, 29 ve 30 Ekim tarihlerinde <strong>\u00e7elik marketinin e\u011filimleri<\/strong>nin analiz edildi\u011fi, Milano&#8217;da <strong>World Steel Dynamics<\/strong> taraf\u0131ndan d\u00fczenlenen &#8220;<strong>European Steel Conference<\/strong>&#8221; konu\u015fmac\u0131lar\u0131ndan biri oldu.<\/p>\n<p>Antonio Marcegaglia<em> \u201cG\u00fcn\u00fcm\u00fczdeki krizin arkas\u0131nda yatan esas sebep Avrupa \u00e7elik sekt\u00f6r\u00fcn\u00fcn zay\u0131f talebi fakat fazla ithalat yap\u0131lmas\u0131d\u0131r.\u201d<\/em>, diye belirtti. <em>\u201cBu y\u00fczden Avrupa <strong>d\u00fcnyan\u0131n en d\u00fc\u015f\u00fck fiyatl\u0131 pazar\u0131<\/strong> haline geldi; talep 2019 y\u0131l\u0131n\u0131n ikinci yar\u0131s\u0131nda da d\u00fc\u015f\u00fc\u015ftedir<\/em>.<em>\u201d <\/em><\/p>\n<p>Marcegaglia,<em> \u201cMevcut durum i\u00e7in bir di\u011fer sorun ise, Avrupal\u0131 \u200b\u200b\u00fcreticilerin <strong>kapasite y\u00f6netimi<\/strong> a\u00e7\u0131s\u0131ndan esnekliklerinin zay\u0131f olmas\u0131d\u0131r. \u200b\u200b\u00dcreticiler, arzlar\u0131n\u0131 talep edilen d\u00fc\u015f\u00fc\u015fe uyarlama konusunda biraz yava\u015flar fakat sadece son zamanlarda <strong>\u00fcretimde \u00f6nemli bir azalma<\/strong>ya \u015fahit olduk.\u201d<\/em>, diye ekledi ve talepteki ilkbaharda hatta daha da erken olmas\u0131 \u00f6ng\u00f6r\u00fclen mevsimsel art\u0131\u015flar g\u00f6z \u00f6n\u00fcnde bulunduruldu\u011funda bu kapasite d\u00fc\u015f\u00fc\u015f\u00fcn\u00fcn (<strong>6 milyon ton <\/strong>civar\u0131nda) \u00e7ok yak\u0131nda hissedilmesini bekledi\u011fini belirterek devam etti.<\/p>\n<p>Sekt\u00f6rdeki beklentilerden bahseden Antonio Marcegaglia daha fazla d\u00fc\u015f\u00fc\u015fe mahal kalmad\u0131\u011f\u0131 i\u00e7in fiyatlar\u0131n ve talebin <strong>art\u0131\u015fa<\/strong> gitmesi gerekti\u011fi d\u00fc\u015f\u00fcncesindedir.<\/p>\n<p>Antonio Marcegaglia&#8217;n\u0131n &#8220;European Steel Conference&#8217;ta&#8221; <strong>Class CNBC<\/strong> ile yapm\u0131\u015f oldu\u011fu rop\u00f6rtaj\u0131 <a href=\"https:\/\/www.marcegaglia.tv\/intervista-ad-antonio-marcegaglia-a-european-steel-conference\/\" target=\"_blank\" rel=\"noopener noreferrer\"><u>buradan<\/u> <\/a>izleyin.<\/p>\n<\/div>\n<\/div>\n<\/div>\n<\/div>\n<\/div>\n<\/div>\n<p>[\/vc_column_text][\/vc_column][vc_column width=&#8221;1\/4&#8243; el_id=&#8221;contacts_news&#8221; offset=&#8221;vc_hidden-sm vc_hidden-xs&#8221;][vc_column_text]<\/p>\n<h2>Bi\u0307ze ula\u015fin<\/h2>\n<p>[\/vc_column_text][vc_empty_space height=&#8221;20px&#8221;][vc_column_text]<\/p>\n<div class=\"wpb_text_column wpb_content_element \">\n<div class=\"wpb_wrapper\">\n<p><strong>MARCEGAGLIA TURKEY<br \/>\nSat\u0131\u015f Ofisi<\/strong><br \/>\nAc\u0131badem Mahallesi,<br \/>\n\u00c7e\u00e7en Sokak 25,<br \/>\nA Kule Blok, D120, K23<br \/>\n34660 \u00dcsk\u00fcdar,<br \/>\n\u0130stanbul \u2022 T\u00fcrkiye<br \/>\nphone +90 216 510 3300<br \/>\n<a href=\"mailto:turkiye@marcegaglia.com\">turkiye@marcegaglia.com<\/a><\/p>\n<\/div>\n<\/div>\n<p>[\/vc_column_text][\/vc_column][\/vc_row][vc_row full_width=&#8221;stretch_row_content_no_spaces&#8221; css=&#8221;.vc_custom_1590993076430{margin-bottom: 2em !important;padding-top: 2em !important;padding-bottom: 3em !important;background-color: #0096db !important;background-position: center !important;background-repeat: no-repeat !important;background-size: cover !important;}&#8221; el_id=&#8221;iscrizione_newsletter_post&#8221;][vc_column css=&#8221;.vc_custom_1585059836874{padding-right: 10em !important;padding-left: 10em !important;}&#8221;][vc_column_text el_id=&#8221;subscribe_newsletter_news&#8221;]<\/p>\n<p style=\"text-align: center;\"><span style=\"color: #ffffff; font-size: 20px;\">Subscribe to out Newsletter<\/span><\/p>\n<p>[\/vc_column_text][vc_empty_space height=&#8221;20px&#8221;]<div class=\"cz_btn_center\"><div class=\"cz_57199_p\"><a id=\"cz_57199\" class=\"cz_57199 cz_btn cz_btn_txt_no_fx cz_btn_no_fx\" href=\"https:\/\/www.marcegaglia.com.tr\/registration\/\" title=\"Registration\" aria-label=\"Registration\"><span><strong>Subscribe<\/strong><\/span><b class=\"cz_btn_onhover\"><strong>Subscribe<\/strong><\/b><\/a><\/div><\/div>[\/vc_column][\/vc_row]<\/p>\n<\/div>","protected":false},"excerpt":{"rendered":"<p>Ba\u015fkan ve CEO Antonio Marcegaglia, 28, 29 ve 30 Ekim tarihlerinde \u00e7elik marketinin e\u011filimlerinin analiz edildi\u011fi, Milano\u2019da World Steel Dynamics taraf\u0131ndan d\u00fczenlenen \u201cEuropean Steel Conference\u201d konu\u015fmac\u0131lar\u0131ndan biri oldu.. &#8230; <a class=\"cz_readmore\" href=\"https:\/\/www.marcegaglia.com.tr\/tr\/avrupa-celik-konferansinda-antonio-marcegaglia-celik-icin-zayif-talep\/\"><i class=\"fa czico-188-arrows-2\" aria-hidden=\"true\"><\/i><span>Read More<\/span><\/a><\/p>\n","protected":false},"author":1,"featured_media":12818,"comment_status":"closed","ping_status":"closed","sticky":false,"template":"","format":"standard","meta":{"footnotes":""},"categories":[24],"tags":[],"class_list":["post-12816","post","type-post","status-publish","format-standard","has-post-thumbnail","hentry","category-company-tr"],"yoast_head":"<!-- This site is optimized with the Yoast SEO plugin v25.4 - https:\/\/yoast.com\/wordpress\/plugins\/seo\/ -->\n<title>Avrupa \u00c7elik Konferans\u0131nda Antonio Marcegaglia: \u00c7elik i\u00e7in zay\u0131f talep - Marcegaglia Turkey<\/title>\n<meta name=\"robots\" content=\"index, follow, max-snippet:-1, max-image-preview:large, max-video-preview:-1\" \/>\n<link rel=\"canonical\" href=\"https:\/\/www.marcegaglia.com.tr\/tr\/avrupa-celik-konferansinda-antonio-marcegaglia-celik-icin-zayif-talep\/\" \/>\n<meta property=\"og:locale\" content=\"tr_TR\" \/>\n<meta property=\"og:type\" content=\"article\" \/>\n<meta property=\"og:title\" content=\"Avrupa \u00c7elik Konferans\u0131nda Antonio Marcegaglia: \u00c7elik i\u00e7in zay\u0131f talep - Marcegaglia Turkey\" \/>\n<meta property=\"og:description\" content=\"Ba\u015fkan ve CEO Antonio Marcegaglia, 28, 29 ve 30 Ekim tarihlerinde \u00e7elik marketinin e\u011filimlerinin analiz edildi\u011fi, Milano\u2019da World Steel Dynamics taraf\u0131ndan d\u00fczenlenen \u201cEuropean Steel Conference\u201d konu\u015fmac\u0131lar\u0131ndan biri oldu.. ... Read More\" \/>\n<meta property=\"og:url\" content=\"https:\/\/www.marcegaglia.com.tr\/tr\/avrupa-celik-konferansinda-antonio-marcegaglia-celik-icin-zayif-talep\/\" \/>\n<meta property=\"og:site_name\" content=\"Marcegaglia Turkey\" \/>\n<meta property=\"article:published_time\" content=\"2019-11-19T07:05:43+00:00\" \/>\n<meta property=\"article:modified_time\" content=\"2020-06-05T09:05:49+00:00\" \/>\n<meta property=\"og:image\" content=\"https:\/\/www.marcegaglia.com.tr\/wp-content\/uploads\/2019\/10\/marcegaglia_RU-news-Antonio-Marcegaglia-at-European-Steel-Conference-2019-post.jpg\" \/>\n\t<meta property=\"og:image:width\" content=\"360\" \/>\n\t<meta property=\"og:image:height\" content=\"296\" \/>\n\t<meta property=\"og:image:type\" content=\"image\/jpeg\" \/>\n<meta name=\"author\" content=\"studiochiesa2\" \/>\n<meta name=\"twitter:card\" content=\"summary_large_image\" \/>\n<meta name=\"twitter:label1\" content=\"Yazan:\" \/>\n\t<meta name=\"twitter:data1\" content=\"studiochiesa2\" \/>\n\t<meta name=\"twitter:label2\" content=\"Tahmini okuma s\u00fcresi\" \/>\n\t<meta name=\"twitter:data2\" content=\"3 dakika\" \/>\n<script type=\"application\/ld+json\" class=\"yoast-schema-graph\">{\"@context\":\"https:\/\/schema.org\",\"@graph\":[{\"@type\":\"WebPage\",\"@id\":\"https:\/\/www.marcegaglia.com.tr\/tr\/avrupa-celik-konferansinda-antonio-marcegaglia-celik-icin-zayif-talep\/\",\"url\":\"https:\/\/www.marcegaglia.com.tr\/tr\/avrupa-celik-konferansinda-antonio-marcegaglia-celik-icin-zayif-talep\/\",\"name\":\"Avrupa \u00c7elik Konferans\u0131nda Antonio Marcegaglia: \u00c7elik i\u00e7in zay\u0131f talep - Marcegaglia Turkey\",\"isPartOf\":{\"@id\":\"https:\/\/www.marcegaglia.com.tr\/tr\/#website\"},\"primaryImageOfPage\":{\"@id\":\"https:\/\/www.marcegaglia.com.tr\/tr\/avrupa-celik-konferansinda-antonio-marcegaglia-celik-icin-zayif-talep\/#primaryimage\"},\"image\":{\"@id\":\"https:\/\/www.marcegaglia.com.tr\/tr\/avrupa-celik-konferansinda-antonio-marcegaglia-celik-icin-zayif-talep\/#primaryimage\"},\"thumbnailUrl\":\"https:\/\/www.marcegaglia.com.tr\/wp-content\/uploads\/2019\/10\/marcegaglia_RU-news-Antonio-Marcegaglia-at-European-Steel-Conference-2019-post.jpg\",\"datePublished\":\"2019-11-19T07:05:43+00:00\",\"dateModified\":\"2020-06-05T09:05:49+00:00\",\"author\":{\"@id\":\"https:\/\/www.marcegaglia.com.tr\/tr\/#\/schema\/person\/bd2c7d4f85aa6a1a237332abd09a9f14\"},\"breadcrumb\":{\"@id\":\"https:\/\/www.marcegaglia.com.tr\/tr\/avrupa-celik-konferansinda-antonio-marcegaglia-celik-icin-zayif-talep\/#breadcrumb\"},\"inLanguage\":\"tr\",\"potentialAction\":[{\"@type\":\"ReadAction\",\"target\":[\"https:\/\/www.marcegaglia.com.tr\/tr\/avrupa-celik-konferansinda-antonio-marcegaglia-celik-icin-zayif-talep\/\"]}]},{\"@type\":\"ImageObject\",\"inLanguage\":\"tr\",\"@id\":\"https:\/\/www.marcegaglia.com.tr\/tr\/avrupa-celik-konferansinda-antonio-marcegaglia-celik-icin-zayif-talep\/#primaryimage\",\"url\":\"https:\/\/www.marcegaglia.com.tr\/wp-content\/uploads\/2019\/10\/marcegaglia_RU-news-Antonio-Marcegaglia-at-European-Steel-Conference-2019-post.jpg\",\"contentUrl\":\"https:\/\/www.marcegaglia.com.tr\/wp-content\/uploads\/2019\/10\/marcegaglia_RU-news-Antonio-Marcegaglia-at-European-Steel-Conference-2019-post.jpg\",\"width\":360,\"height\":296},{\"@type\":\"BreadcrumbList\",\"@id\":\"https:\/\/www.marcegaglia.com.tr\/tr\/avrupa-celik-konferansinda-antonio-marcegaglia-celik-icin-zayif-talep\/#breadcrumb\",\"itemListElement\":[{\"@type\":\"ListItem\",\"position\":1,\"name\":\"Home\",\"item\":\"https:\/\/www.marcegaglia.com.tr\/tr\/\"},{\"@type\":\"ListItem\",\"position\":2,\"name\":\"Avrupa \u00c7elik Konferans\u0131nda Antonio Marcegaglia: \u00c7elik i\u00e7in zay\u0131f talep\"}]},{\"@type\":\"WebSite\",\"@id\":\"https:\/\/www.marcegaglia.com.tr\/tr\/#website\",\"url\":\"https:\/\/www.marcegaglia.com.tr\/tr\/\",\"name\":\"Marcegaglia Turkey\",\"description\":\"We give shape to steel\",\"potentialAction\":[{\"@type\":\"SearchAction\",\"target\":{\"@type\":\"EntryPoint\",\"urlTemplate\":\"https:\/\/www.marcegaglia.com.tr\/tr\/?s={search_term_string}\"},\"query-input\":{\"@type\":\"PropertyValueSpecification\",\"valueRequired\":true,\"valueName\":\"search_term_string\"}}],\"inLanguage\":\"tr\"},{\"@type\":\"Person\",\"@id\":\"https:\/\/www.marcegaglia.com.tr\/tr\/#\/schema\/person\/bd2c7d4f85aa6a1a237332abd09a9f14\",\"name\":\"studiochiesa2\",\"image\":{\"@type\":\"ImageObject\",\"inLanguage\":\"tr\",\"@id\":\"https:\/\/www.marcegaglia.com.tr\/tr\/#\/schema\/person\/image\/\",\"url\":\"https:\/\/secure.gravatar.com\/avatar\/b85a6a1cdf824628b9138b67b1c7baa4d47bd19824d664e270615cd018f135fc?s=96&d=mm&r=g\",\"contentUrl\":\"https:\/\/secure.gravatar.com\/avatar\/b85a6a1cdf824628b9138b67b1c7baa4d47bd19824d664e270615cd018f135fc?s=96&d=mm&r=g\",\"caption\":\"studiochiesa2\"}}]}<\/script>\n<!-- \/ Yoast SEO plugin. -->","yoast_head_json":{"title":"Avrupa \u00c7elik Konferans\u0131nda Antonio Marcegaglia: \u00c7elik i\u00e7in zay\u0131f talep - Marcegaglia Turkey","robots":{"index":"index","follow":"follow","max-snippet":"max-snippet:-1","max-image-preview":"max-image-preview:large","max-video-preview":"max-video-preview:-1"},"canonical":"https:\/\/www.marcegaglia.com.tr\/tr\/avrupa-celik-konferansinda-antonio-marcegaglia-celik-icin-zayif-talep\/","og_locale":"tr_TR","og_type":"article","og_title":"Avrupa \u00c7elik Konferans\u0131nda Antonio Marcegaglia: \u00c7elik i\u00e7in zay\u0131f talep - Marcegaglia Turkey","og_description":"Ba\u015fkan ve CEO Antonio Marcegaglia, 28, 29 ve 30 Ekim tarihlerinde \u00e7elik marketinin e\u011filimlerinin analiz edildi\u011fi, Milano\u2019da World Steel Dynamics taraf\u0131ndan d\u00fczenlenen \u201cEuropean Steel Conference\u201d konu\u015fmac\u0131lar\u0131ndan biri oldu.. ... Read More","og_url":"https:\/\/www.marcegaglia.com.tr\/tr\/avrupa-celik-konferansinda-antonio-marcegaglia-celik-icin-zayif-talep\/","og_site_name":"Marcegaglia Turkey","article_published_time":"2019-11-19T07:05:43+00:00","article_modified_time":"2020-06-05T09:05:49+00:00","og_image":[{"width":360,"height":296,"url":"https:\/\/www.marcegaglia.com.tr\/wp-content\/uploads\/2019\/10\/marcegaglia_RU-news-Antonio-Marcegaglia-at-European-Steel-Conference-2019-post.jpg","type":"image\/jpeg"}],"author":"studiochiesa2","twitter_card":"summary_large_image","twitter_misc":{"Yazan:":"studiochiesa2","Tahmini okuma s\u00fcresi":"3 dakika"},"schema":{"@context":"https:\/\/schema.org","@graph":[{"@type":"WebPage","@id":"https:\/\/www.marcegaglia.com.tr\/tr\/avrupa-celik-konferansinda-antonio-marcegaglia-celik-icin-zayif-talep\/","url":"https:\/\/www.marcegaglia.com.tr\/tr\/avrupa-celik-konferansinda-antonio-marcegaglia-celik-icin-zayif-talep\/","name":"Avrupa \u00c7elik Konferans\u0131nda Antonio Marcegaglia: \u00c7elik i\u00e7in zay\u0131f talep - Marcegaglia Turkey","isPartOf":{"@id":"https:\/\/www.marcegaglia.com.tr\/tr\/#website"},"primaryImageOfPage":{"@id":"https:\/\/www.marcegaglia.com.tr\/tr\/avrupa-celik-konferansinda-antonio-marcegaglia-celik-icin-zayif-talep\/#primaryimage"},"image":{"@id":"https:\/\/www.marcegaglia.com.tr\/tr\/avrupa-celik-konferansinda-antonio-marcegaglia-celik-icin-zayif-talep\/#primaryimage"},"thumbnailUrl":"https:\/\/www.marcegaglia.com.tr\/wp-content\/uploads\/2019\/10\/marcegaglia_RU-news-Antonio-Marcegaglia-at-European-Steel-Conference-2019-post.jpg","datePublished":"2019-11-19T07:05:43+00:00","dateModified":"2020-06-05T09:05:49+00:00","author":{"@id":"https:\/\/www.marcegaglia.com.tr\/tr\/#\/schema\/person\/bd2c7d4f85aa6a1a237332abd09a9f14"},"breadcrumb":{"@id":"https:\/\/www.marcegaglia.com.tr\/tr\/avrupa-celik-konferansinda-antonio-marcegaglia-celik-icin-zayif-talep\/#breadcrumb"},"inLanguage":"tr","potentialAction":[{"@type":"ReadAction","target":["https:\/\/www.marcegaglia.com.tr\/tr\/avrupa-celik-konferansinda-antonio-marcegaglia-celik-icin-zayif-talep\/"]}]},{"@type":"ImageObject","inLanguage":"tr","@id":"https:\/\/www.marcegaglia.com.tr\/tr\/avrupa-celik-konferansinda-antonio-marcegaglia-celik-icin-zayif-talep\/#primaryimage","url":"https:\/\/www.marcegaglia.com.tr\/wp-content\/uploads\/2019\/10\/marcegaglia_RU-news-Antonio-Marcegaglia-at-European-Steel-Conference-2019-post.jpg","contentUrl":"https:\/\/www.marcegaglia.com.tr\/wp-content\/uploads\/2019\/10\/marcegaglia_RU-news-Antonio-Marcegaglia-at-European-Steel-Conference-2019-post.jpg","width":360,"height":296},{"@type":"BreadcrumbList","@id":"https:\/\/www.marcegaglia.com.tr\/tr\/avrupa-celik-konferansinda-antonio-marcegaglia-celik-icin-zayif-talep\/#breadcrumb","itemListElement":[{"@type":"ListItem","position":1,"name":"Home","item":"https:\/\/www.marcegaglia.com.tr\/tr\/"},{"@type":"ListItem","position":2,"name":"Avrupa \u00c7elik Konferans\u0131nda Antonio Marcegaglia: \u00c7elik i\u00e7in zay\u0131f talep"}]},{"@type":"WebSite","@id":"https:\/\/www.marcegaglia.com.tr\/tr\/#website","url":"https:\/\/www.marcegaglia.com.tr\/tr\/","name":"Marcegaglia Turkey","description":"We give shape to steel","potentialAction":[{"@type":"SearchAction","target":{"@type":"EntryPoint","urlTemplate":"https:\/\/www.marcegaglia.com.tr\/tr\/?s={search_term_string}"},"query-input":{"@type":"PropertyValueSpecification","valueRequired":true,"valueName":"search_term_string"}}],"inLanguage":"tr"},{"@type":"Person","@id":"https:\/\/www.marcegaglia.com.tr\/tr\/#\/schema\/person\/bd2c7d4f85aa6a1a237332abd09a9f14","name":"studiochiesa2","image":{"@type":"ImageObject","inLanguage":"tr","@id":"https:\/\/www.marcegaglia.com.tr\/tr\/#\/schema\/person\/image\/","url":"https:\/\/secure.gravatar.com\/avatar\/b85a6a1cdf824628b9138b67b1c7baa4d47bd19824d664e270615cd018f135fc?s=96&d=mm&r=g","contentUrl":"https:\/\/secure.gravatar.com\/avatar\/b85a6a1cdf824628b9138b67b1c7baa4d47bd19824d664e270615cd018f135fc?s=96&d=mm&r=g","caption":"studiochiesa2"}}]}},"_links":{"self":[{"href":"https:\/\/www.marcegaglia.com.tr\/tr\/wp-json\/wp\/v2\/posts\/12816","targetHints":{"allow":["GET"]}}],"collection":[{"href":"https:\/\/www.marcegaglia.com.tr\/tr\/wp-json\/wp\/v2\/posts"}],"about":[{"href":"https:\/\/www.marcegaglia.com.tr\/tr\/wp-json\/wp\/v2\/types\/post"}],"author":[{"embeddable":true,"href":"https:\/\/www.marcegaglia.com.tr\/tr\/wp-json\/wp\/v2\/users\/1"}],"replies":[{"embeddable":true,"href":"https:\/\/www.marcegaglia.com.tr\/tr\/wp-json\/wp\/v2\/comments?post=12816"}],"version-history":[{"count":3,"href":"https:\/\/www.marcegaglia.com.tr\/tr\/wp-json\/wp\/v2\/posts\/12816\/revisions"}],"predecessor-version":[{"id":13006,"href":"https:\/\/www.marcegaglia.com.tr\/tr\/wp-json\/wp\/v2\/posts\/12816\/revisions\/13006"}],"wp:featuredmedia":[{"embeddable":true,"href":"https:\/\/www.marcegaglia.com.tr\/tr\/wp-json\/wp\/v2\/media\/12818"}],"wp:attachment":[{"href":"https:\/\/www.marcegaglia.com.tr\/tr\/wp-json\/wp\/v2\/media?parent=12816"}],"wp:term":[{"taxonomy":"category","embeddable":true,"href":"https:\/\/www.marcegaglia.com.tr\/tr\/wp-json\/wp\/v2\/categories?post=12816"},{"taxonomy":"post_tag","embeddable":true,"href":"https:\/\/www.marcegaglia.com.tr\/tr\/wp-json\/wp\/v2\/tags?post=12816"}],"curies":[{"name":"wp","href":"https:\/\/api.w.org\/{rel}","templated":true}]}}